{"id":2729,"date":"2025-11-19T01:58:21","date_gmt":"2025-11-19T01:58:21","guid":{"rendered":"https:\/\/entrelazadogs.es\/atencio-primerenca-la-seva-importancia-i-beneficis\/"},"modified":"2026-01-07T16:02:29","modified_gmt":"2026-01-07T16:02:29","slug":"atencio-primerenca-la-seva-importancia-i-beneficis","status":"publish","type":"post","link":"https:\/\/entrelazadogs.es\/ca\/atencio-primerenca-la-seva-importancia-i-beneficis\/","title":{"rendered":"Atenci\u00f3 Primerenca: La seva import\u00e0ncia i beneficis"},"content":{"rendered":"\n<div id=\"ez-toc-container\" class=\"ez-toc-v2_0_82_2 counter-hierarchy ez-toc-counter ez-toc-grey ez-toc-container-direction\">\n<div class=\"ez-toc-title-container\">\n<p class=\"ez-toc-title\" style=\"cursor:inherit\">\u00cdndice<\/p>\n<span class=\"ez-toc-title-toggle\"><a href=\"#\" class=\"ez-toc-pull-right ez-toc-btn ez-toc-btn-xs ez-toc-btn-default ez-toc-toggle\" aria-label=\"Toggle Table of Content\"><span class=\"ez-toc-js-icon-con\"><span class=\"\"><span class=\"eztoc-hide\" style=\"display:none;\">Toggle<\/span><span class=\"ez-toc-icon-toggle-span\"><svg style=\"fill: #999;color:#999\" xmlns=\"http:\/\/www.w3.org\/2000\/svg\" class=\"list-377408\" width=\"20px\" height=\"20px\" viewBox=\"0 0 24 24\" fill=\"none\"><path d=\"M6 6H4v2h2V6zm14 0H8v2h12V6zM4 11h2v2H4v-2zm16 0H8v2h12v-2zM4 16h2v2H4v-2zm16 0H8v2h12v-2z\" fill=\"currentColor\"><\/path><\/svg><svg style=\"fill: #999;color:#999\" class=\"arrow-unsorted-368013\" xmlns=\"http:\/\/www.w3.org\/2000\/svg\" width=\"10px\" height=\"10px\" viewBox=\"0 0 24 24\" version=\"1.2\" baseProfile=\"tiny\"><path d=\"M18.2 9.3l-6.2-6.3-6.2 6.3c-.2.2-.3.4-.3.7s.1.5.3.7c.2.2.4.3.7.3h11c.3 0 .5-.1.7-.3.2-.2.3-.5.3-.7s-.1-.5-.3-.7zM5.8 14.7l6.2 6.3 6.2-6.3c.2-.2.3-.5.3-.7s-.1-.5-.3-.7c-.2-.2-.4-.3-.7-.3h-11c-.3 0-.5.1-.7.3-.2.2-.3.5-.3.7s.1.5.3.7z\"\/><\/svg><\/span><\/span><\/span><\/a><\/span><\/div>\n<nav><ul class='ez-toc-list ez-toc-list-level-1 ' ><li class='ez-toc-page-1 ez-toc-heading-level-2'><a class=\"ez-toc-link ez-toc-heading-1\" href=\"https:\/\/entrelazadogs.es\/ca\/atencio-primerenca-la-seva-importancia-i-beneficis\/#Que_es_latencio_primerenca\" >Qu\u00e8 \u00e9s l&#8217;atenci\u00f3 primerenca?<\/a><\/li><li class='ez-toc-page-1 ez-toc-heading-level-2'><a class=\"ez-toc-link ez-toc-heading-2\" href=\"https:\/\/entrelazadogs.es\/ca\/atencio-primerenca-la-seva-importancia-i-beneficis\/#Atencio_Primerenca_Principis_basics\" >Atenci\u00f3 Primerenca: Principis b\u00e0sics<\/a><\/li><li class='ez-toc-page-1 ez-toc-heading-level-2'><a class=\"ez-toc-link ez-toc-heading-3\" href=\"https:\/\/entrelazadogs.es\/ca\/atencio-primerenca-la-seva-importancia-i-beneficis\/#Quan_anar_a_un_Centre_dAtencio_Primerenca\" >Quan anar a un Centre d&#8217;Atenci\u00f3 Primerenca?<\/a><\/li><li class='ez-toc-page-1 ez-toc-heading-level-2'><a class=\"ez-toc-link ez-toc-heading-4\" href=\"https:\/\/entrelazadogs.es\/ca\/atencio-primerenca-la-seva-importancia-i-beneficis\/#Atencio_Primerenca_Objectius\" >Atenci\u00f3 Primerenca: Objectius<\/a><\/li><li class='ez-toc-page-1 ez-toc-heading-level-2'><a class=\"ez-toc-link ez-toc-heading-5\" href=\"https:\/\/entrelazadogs.es\/ca\/atencio-primerenca-la-seva-importancia-i-beneficis\/#Beneficis_de_latencio_primerenca\" >Beneficis de l&#8217;atenci\u00f3 primerenca<\/a><\/li><li class='ez-toc-page-1 ez-toc-heading-level-2'><a class=\"ez-toc-link ez-toc-heading-6\" href=\"https:\/\/entrelazadogs.es\/ca\/atencio-primerenca-la-seva-importancia-i-beneficis\/#Nivells_dintervencio_en_atencio_primerenca\" >Nivells d&#8217;intervenci\u00f3 en atenci\u00f3 primerenca<\/a><\/li><li class='ez-toc-page-1 ez-toc-heading-level-2'><a class=\"ez-toc-link ez-toc-heading-7\" href=\"https:\/\/entrelazadogs.es\/ca\/atencio-primerenca-la-seva-importancia-i-beneficis\/#Ambits_de_lAtencio_Primerenca\" >\u00c0mbits de l&#8217;Atenci\u00f3 Primerenca<\/a><ul class='ez-toc-list-level-3' ><li class='ez-toc-heading-level-3'><a class=\"ez-toc-link ez-toc-heading-8\" href=\"https:\/\/entrelazadogs.es\/ca\/atencio-primerenca-la-seva-importancia-i-beneficis\/#Atencio_Primerenca_a_lAmbit_Sanitari\" >Atenci\u00f3 Primerenca a l&#8217;\u00c0mbit Sanitari:<\/a><\/li><\/ul><\/li><li class='ez-toc-page-1 ez-toc-heading-level-2'><a class=\"ez-toc-link ez-toc-heading-9\" href=\"https:\/\/entrelazadogs.es\/ca\/atencio-primerenca-la-seva-importancia-i-beneficis\/#Atencio_Primerenca_a_lAmbits_de_Serveis_Socials\" >Atenci\u00f3 Primerenca a l&#8217;\u00c0mbits de Serveis Socials:<\/a><\/li><li class='ez-toc-page-1 ez-toc-heading-level-2'><a class=\"ez-toc-link ez-toc-heading-10\" href=\"https:\/\/entrelazadogs.es\/ca\/atencio-primerenca-la-seva-importancia-i-beneficis\/#Atencio_Primerenca_a_lAmbit_Educatiu\" >Atenci\u00f3 Primerenca a l&#8217;\u00c0mbit Educatiu:<\/a><\/li><li class='ez-toc-page-1 ez-toc-heading-level-2'><a class=\"ez-toc-link ez-toc-heading-11\" href=\"https:\/\/entrelazadogs.es\/ca\/atencio-primerenca-la-seva-importancia-i-beneficis\/#Per_que_treballar_amb_les_families\" >Per qu\u00e8 treballar amb les fam\u00edlies?<\/a><\/li><\/ul><\/nav><\/div>\n<h2 class=\"wp-block-heading\"><span class=\"ez-toc-section\" id=\"Que_es_latencio_primerenca\"><\/span><strong>Qu\u00e8 \u00e9s l&#8217;atenci\u00f3 primerenca?<\/strong><span class=\"ez-toc-section-end\"><\/span><\/h2>\n\n<p>El Llibre Blanc de l&#8217;Atenci\u00f3 Primerenca (document realitzat per la Federaci\u00f3 Estatal d&#8217;Associacions de Professionals d&#8217;Atenci\u00f3 Primerenca), una de les obres b\u00e0siques de refer\u00e8ncia de l&#8217;Atenci\u00f3 Primerenca a Espanya, la defineix com:<\/p>\n\n<p><em> &#8220;El conjunt d&#8217;intervencions dirigides a la poblaci\u00f3 infantil de 0 a 6 anys, a la fam\u00edlia ia l&#8217;entorn que tenen com a objectiu donar resposta al m\u00e9s aviat possible a les necessitats transit\u00f2ries o permanents que presenten els nens amb trastorns en el desenvolupament o que tenen risc de patir-ho.&#8221; <\/em><\/p>\n\n<p>Aquestes intervencions han de considerar la globalitat del nen i han de ser planificades per un equip d&#8217;orientaci\u00f3 interdisciplinar professional.<\/p>\n\n<p>Un equip d&#8217;atenci\u00f3 primerenca ha d&#8217;estar compost per almenys 3 professionals amb formaci\u00f3 en psicologia, logop\u00e8dia i fisioter\u00e0pia. Tots ells han de tenir formaci\u00f3 espec\u00edfica en desenvolupament infantil i atenci\u00f3 primerenca.\u201d <\/p>\n\n<h2 class=\"wp-block-heading\"><span class=\"ez-toc-section\" id=\"Atencio_Primerenca_Principis_basics\"><\/span><strong>Atenci\u00f3 Primerenca: Principis b\u00e0sics<\/strong><span class=\"ez-toc-section-end\"><\/span><\/h2>\n\n<p>A l&#8217;Atenci\u00f3 Primerenca es contemplen sis principis b\u00e0sics: <\/p>\n\n<ol class=\"wp-block-list\">\n<li>Di\u00e0leg, integraci\u00f3 i participaci\u00f3: per a un desenvolupament correcte de la intervenci\u00f3, cal poder integrar la fam\u00edlia, l&#8217;escola i l&#8217;entorn social del nen o la nena. <\/li>\n<\/ol>\n\n<p>\u00c9s imprescindible l&#8217;obertura al di\u00e0leg, la informaci\u00f3 i la participaci\u00f3 de la fam\u00edlia mantenint-la informada de totes les decisions que s&#8217;hagin de prendre. Tamb\u00e9 \u00e9s important fomentar que expressin les seves inquietuds, necessitats o sentiments.  <\/p>\n\n<ul class=\"wp-block-list\">\n<li>Gratu\u00eftat, universalitat i igualtat d&#8217;oportunitats, responsabilitat p\u00fablica: l&#8217;atenci\u00f3 primerenca s&#8217;ha de poder oferir de manera gratu\u00efta i assegurar la integraci\u00f3 necess\u00e0ria al medi evitant situacions de marginalitat o discriminaci\u00f3.<\/li>\n\n\n\n<li>Interdisciplinarietat i alta qualificaci\u00f3 professional: si b\u00e9 l&#8217;equip de treball ha d&#8217;estar compost per professionals de diferents disciplines \u00e9s molt important que tingui una especialitzaci\u00f3 espec\u00edfica a l&#8217;\u00e0rea de l&#8217;atenci\u00f3 primerenca.<\/li>\n\n\n\n<li>Coordinaci\u00f3: a fi de mantenir un flux eficient d&#8217;informaci\u00f3 per a l&#8217;\u00f2ptim desenvolupament de la intervenci\u00f3, \u00e9s imprescindible comptar amb una clara i eficient coordinaci\u00f3 entre tots els sectors que envolten el nen o la nena: escola, centres privats, fam\u00edlia, centres p\u00fablics, etc.<\/li>\n\n\n\n<li>Descentralitzaci\u00f3: cal incloure l&#8217;atenci\u00f3 primerenca a serveis de salut d&#8217;atenci\u00f3 prim\u00e0ria, escoles, serveis socials, etc. per tal de propiciar un sistema organitzat que garanteixi les diferents necessitats que pugui presentar una fam\u00edlia.<\/li>\n\n\n\n<li>Sectoritzaci\u00f3: t\u00e9 a veure amb la necessitat de limitar el camp dactuaci\u00f3.<\/li>\n\n\n\n<li><\/li>\n<\/ul>\n\n<figure class=\"wp-block-image size-full\"><img fetchpriority=\"high\" decoding=\"async\" width=\"848\" height=\"444\" src=\"https:\/\/entrelazadogs.es\/wp-content\/uploads\/2025\/11\/atencion-temprana-beneficios-848x444-1.jpg\" alt=\"\" class=\"wp-image-743\" srcset=\"https:\/\/entrelazadogs.es\/wp-content\/uploads\/2025\/11\/atencion-temprana-beneficios-848x444-1.jpg 848w, https:\/\/entrelazadogs.es\/wp-content\/uploads\/2025\/11\/atencion-temprana-beneficios-848x444-1-300x157.jpg 300w, https:\/\/entrelazadogs.es\/wp-content\/uploads\/2025\/11\/atencion-temprana-beneficios-848x444-1-768x402.jpg 768w\" sizes=\"(max-width: 848px) 100vw, 848px\" \/><\/figure>\n\n<h2 class=\"wp-block-heading\"><span class=\"ez-toc-section\" id=\"Quan_anar_a_un_Centre_dAtencio_Primerenca\"><\/span><strong>Quan anar a un Centre d&#8217;Atenci\u00f3 Primerenca?<\/strong><span class=\"ez-toc-section-end\"><\/span><\/h2>\n\n<p>L&#8217;Atenci\u00f3 Primerenca \u00e9s un servei que s&#8217;ocupa de prevenir, diagnosticar i tractar nens i nenes en edats compreses entre zero i sis anys amb necessitats especials.<\/p>\n\n<p>Hi ha diverses demandes i \u00e9s per aix\u00f2 que tamb\u00e9 hi ha una gran varietat de professionals de diverses \u00e0rees que treballen en equips d&#8217;atenci\u00f3 primerenca.<\/p>\n\n<p>Entre ells: logopedes, psic\u00f2legs, fisioterapeutes, terapeutes ocupacionals, etc.<\/p>\n\n<p>Quines s\u00f3n les necessitats especials d&#8217;aquests infants que requereixen el servei d&#8217;atenci\u00f3 primerenca?<\/p>\n\n<p>Per donar alguns exemples (perqu\u00e8 poden ser m\u00faltiples), podrien ser nens prematurs o de baix pes, nens amb algun tipus de defici\u00e8ncia sensorial, nens amb alguna s\u00edndrome o retard maduratiu, nens que presentin algun tipus de trastorn en el desenvolupament, entre d&#8217;altres.<\/p>\n\n<p>Algunes recomanacions que cal tenir en compte per a l&#8217;estimulaci\u00f3 primerenca s\u00f3n:<\/p>\n\n<ul class=\"wp-block-list\">\n<li>Metodologia l\u00fadica: l&#8217;aprenentatge a trav\u00e9s del joc \u00e9s molt m\u00e9s ric, integral i r\u00e0pid. A m\u00e9s, el factor diversi\u00f3 \u00e9s crucial perqu\u00e8 els nens i nenes incorporin nous coneixements. <\/li>\n\n\n\n<li>Individualitat: tots els nens s\u00f3n diferents i les necessitats tamb\u00e9 ho s\u00f3n. El proc\u00e9s \u00e9s \u00fanic i particular, per la qual cosa s&#8217;ha de fer el treball d&#8217;adaptaci\u00f3 de cada sessi\u00f3 segons les necessitats de cada infant. <\/li>\n\n\n\n<li>Entorn quotidi\u00e0: \u00e9s important que el treball amb el nen o nena sigui continu i perllongat, \u00e9s a dir, fer \u00fas de les situacions quotidianes per estimular-lo, acompanyar-lo i estar atent al \u201caqu\u00ed i ara\u201d al seu dia a dia.<\/li>\n\n\n\n<li>Ambient: cal tenir en compte l&#8217;elecci\u00f3 de l&#8217;espai a l&#8217;hora de fer les activitats d&#8217;estimulaci\u00f3: en quin tipus d&#8217;ambients el nen es troba c\u00f2mode? i per contra: quins podrien resultar perjudicials per al seu proc\u00e9s? <\/li>\n\n\n\n<li>Descobrir: \u00e9s propici deixar que les nenes o nens juguin, creuen i explorin per ells mateixos. Facilitar-los els espais l\u00fadics no \u00e9s el mateix que conduir-los.  <\/li>\n\n\n\n<li>Materials: a m\u00e9s dels llibres o joguines, quins altres materials podem brindar-los perqu\u00e8 explorin? Segons l&#8217;edat, els infants es diverteixen molt amb elements m\u00e9s simples: aigua, sorra, caixes, pedres, fulles, etc. <\/li>\n\n\n\n<li><\/li>\n<\/ul>\n\n<h2 class=\"wp-block-heading\"><span class=\"ez-toc-section\" id=\"Atencio_Primerenca_Objectius\"><\/span><strong>Atenci\u00f3 Primerenca: Objectius <\/strong><span class=\"ez-toc-section-end\"><\/span><\/h2>\n\n<p>L&#8217;objectiu general de l&#8217;Atenci\u00f3 Primerenca \u00e9s que aquells nens o nenes que tenen alguna dificultat o retard en el desenvolupament, o que segons un diagn\u00f2stic tenen risc de patir-lo, rebin la intervenci\u00f3 d&#8217;acord amb el tractament o la prevenci\u00f3.<\/p>\n\n<p>Alguns dels objectius m\u00e9s espec\u00edfics de l&#8217;atenci\u00f3 primerenca s\u00f3n:<\/p>\n\n<ul class=\"wp-block-list\">\n<li>Reduir les conseq\u00fc\u00e8ncies i els efectes de les defici\u00e8ncies o d\u00e8ficit al seu entorn.<\/li>\n\n\n\n<li>Optimitzar el desenvolupament integral, \u00e9s a dir, a totes les seves \u00e0rees.<\/li>\n\n\n\n<li>Garantir mesures dadaptaci\u00f3 a lentorn per a les seves necessitats.<\/li>\n\n\n\n<li>Reduir, prevenir o minimitzar els efectes secundaris del trastorn patit o situaci\u00f3 de risc en qu\u00e8 es trobin.<\/li>\n\n\n\n<li>Brindar informaci\u00f3 a les fam\u00edlies i atendre les necessitats que presentin. <\/li>\n\n\n\n<li>Considerar-los com a subjectes actius de la intervenci\u00f3.<\/li>\n\n\n\n<li>Planificar o elaborar un pla dacci\u00f3 dintervencions per tal de coordinar els diferents \u00e0mbits: social, familiar, educatiu i personal.<\/li>\n\n\n\n<li><\/li>\n\n\n\n<li><\/li>\n<\/ul>\n\n<figure class=\"wp-block-image size-full\"><img decoding=\"async\" width=\"848\" height=\"565\" src=\"https:\/\/entrelazadogs.es\/wp-content\/uploads\/2025\/11\/atencion-temprana-entrelazadogs-848x565-1.jpg\" alt=\"\" class=\"wp-image-744\" srcset=\"https:\/\/entrelazadogs.es\/wp-content\/uploads\/2025\/11\/atencion-temprana-entrelazadogs-848x565-1.jpg 848w, https:\/\/entrelazadogs.es\/wp-content\/uploads\/2025\/11\/atencion-temprana-entrelazadogs-848x565-1-300x200.jpg 300w, https:\/\/entrelazadogs.es\/wp-content\/uploads\/2025\/11\/atencion-temprana-entrelazadogs-848x565-1-768x512.jpg 768w\" sizes=\"(max-width: 848px) 100vw, 848px\" \/><\/figure>\n\n<h2 class=\"wp-block-heading\"><span class=\"ez-toc-section\" id=\"Beneficis_de_latencio_primerenca\"><\/span><strong>Beneficis de l&#8217;atenci\u00f3 primerenca<\/strong><span class=\"ez-toc-section-end\"><\/span><\/h2>\n\n<p>L&#8217;Atenci\u00f3 Primerenca aporta innombrables beneficis ia m\u00e9s compensa en tota mena d&#8217;habilitats cognitives, motores, socials, motores, etc.<\/p>\n\n<p>Quins altres beneficis atorga l?estimulaci\u00f3 primerenca?<\/p>\n\n<ul class=\"wp-block-list\">\n<li>Fomenta l?autonomia.<\/li>\n\n\n\n<li>Afavoreix l?autoestima.<\/li>\n\n\n\n<li>Incrementa les relacions socials (at\u00e8s que es treballa sobre les emocions o l&#8217;adaptaci\u00f3 a l&#8217;entorn, des d&#8217;aprendre a treballar en equips, empatitzar, compartir, etc.).<\/li>\n\n\n\n<li>Motricitat fina (com la coordinaci\u00f3 dit-ull).<\/li>\n\n\n\n<li>Motricitat gruixuda (accions com saltar, c\u00f3rrer, ballar, etc).<\/li>\n\n\n\n<li>Potencia la creatividad e imaginaci\u00f3n.<\/li>\n\n\n\n<li>Afavoreix la mem\u00f2ria i la concentraci\u00f3.<\/li>\n\n\n\n<li>Coneixen nous recursos per jugar.<\/li>\n\n\n\n<li>Enfortiment de m\u00fasculs.<\/li>\n\n\n\n<li>Motiva a adquirir nous coneixements.<\/li>\n\n\n\n<li>Augmenta la capacitat daprenentatge i an\u00e0lisi.<\/li>\n<\/ul>\n\n<p>Impulsar l&#8217;atenci\u00f3 primerenca, per tal d&#8217;obtenir un diagn\u00f2stic a temps \u00e9s imprescindible per fer un tractament i no c\u00f3rrer el risc de generar complicacions en el futur.<\/p>\n\n<h2 class=\"wp-block-heading\"><span class=\"ez-toc-section\" id=\"Nivells_dintervencio_en_atencio_primerenca\"><\/span><strong>Nivells d&#8217;intervenci\u00f3 en atenci\u00f3 primerenca<\/strong><span class=\"ez-toc-section-end\"><\/span><\/h2>\n\n<p>Segons el Llibre Blanc, els nivells de possible participaci\u00f3 d&#8217;atenci\u00f3 primerenca s\u00f3n:<\/p>\n\n<ol class=\"wp-block-list\">\n<li>Prevenci\u00f3 Prim\u00e0ria: contribuint a les iniciatives adre\u00e7ades a les inf\u00e0ncies en general, a fi d&#8217;evitar les condicions que puguin portar a l&#8217;aparici\u00f3 de defici\u00e8ncies o trastorns en el desenvolupament infantil.<\/li>\n<\/ol>\n\n<p>Les accions s\u00f3n preses mitjan\u00e7ant:<\/p>\n\n<ul class=\"wp-block-list\">\n<li>Un conjunt dactuacions dirigides a protegir la salut.<\/li>\n\n\n\n<li>Orientant a promoure el benestar dels nens i les nenes i el seu grup familiar.<\/li>\n\n\n\n<li>Les mesures s\u00f3n de car\u00e0cter universal per tal d&#8217;arribar a tota la poblaci\u00f3.<\/li>\n<\/ul>\n\n<p>Compr\u00e8n els drets seg\u00fcents:<\/p>\n\n<ul class=\"wp-block-list\">\n<li>Assist\u00e8ncia sanit\u00e0ria<\/li>\n\n\n\n<li>Perm\u00eds per maternitat o situacions d&#8217;acolliment o adopci\u00f3<\/li>\n\n\n\n<li>Drets que garanteix la Llei de Conciliaci\u00f3 de la Vida Familiar i Laboral<\/li>\n<\/ul>\n\n<ol class=\"wp-block-list\">\n<li>Prevenci\u00f3 Secund\u00e0ria: formant part dels programes sanitaris, socials i educatius orientats a grups de risc.<\/li>\n<\/ol>\n\n<p>S&#8217;enfoca en la detecci\u00f3 i el diagn\u00f2stic preco\u00e7 dels trastorns en el desenvolupament i situacions de risc.<\/p>\n\n<p>S&#8217;instrumenta mitjan\u00e7ant programes especials dirigits a grups en situacions de risc, com ara cromosomopaties, deteccions precoces de malalties metab\u00f2liques, singlot acusic, etc, a:<\/p>\n\n<ul class=\"wp-block-list\">\n<li>Nens prematurs de menys de 32 setmanes o de menys de 1500kg<\/li>\n\n\n\n<li>Xiquets prematurs de menys de 32 setmanes o de menys de 1500kgaDones gestants adolescents menors de 18 anys<\/li>\n\n\n\n<li>Dones gestants a partir dels 35 anys<\/li>\n<\/ul>\n\n<ol class=\"wp-block-list\">\n<li>Prevenci\u00f3 Terci\u00e0ria: mitjan\u00e7ant la intervenci\u00f3 de nens i nenes amb problemes o trastorns del desenvolupament i les seves fam\u00edlies.<\/li>\n<\/ol>\n\n<p>En esta \u00e1rea los servicios especializados de <strong>Atenci\u00f3n Temprana<\/strong> asumen la m\u00e1xima responsabilidad.<\/p>\n\n<p>Refereix al conjunt d&#8217;accions a prendre, un cop diagnosticada una malaltia o problema de salut, per tal de minimitzar-ne les conseq\u00fc\u00e8ncies o seq\u00fceles.<\/p>\n\n<h2 class=\"wp-block-heading\"><span class=\"ez-toc-section\" id=\"Ambits_de_lAtencio_Primerenca\"><\/span><strong>\u00c0mbits de l&#8217;Atenci\u00f3 Primerenca <\/strong><span class=\"ez-toc-section-end\"><\/span><\/h2>\n\n<h3 class=\"wp-block-heading\"><span class=\"ez-toc-section\" id=\"Atencio_Primerenca_a_lAmbit_Sanitari\"><\/span><strong>Atenci\u00f3 Primerenca a l&#8217;\u00c0mbit Sanitari:<\/strong><span class=\"ez-toc-section-end\"><\/span><\/h3>\n\n<ul class=\"wp-block-list\">\n<li>Prevenci\u00f3 Prim\u00e0ria: els agents encarregats d&#8217;aquests \u00e0mbits s\u00f3n els serveis de salut comunit\u00e0ria, atenci\u00f3 prim\u00e0ria, serveis d&#8217;obstetr\u00edcia i pediatria, entre d&#8217;altres. <\/li>\n<\/ul>\n\n<p>L&#8217;objectiu \u00e9s evitar que certes condicions no desitjables puguin portar a l&#8217;aparici\u00f3 d&#8217;algun tipus de trastorn en el desenvolupament mitjan\u00e7ant programes de planificaci\u00f3 familiar, atenci\u00f3 a l&#8217;embar\u00e0s, vacunaci\u00f3, etc.<\/p>\n\n<ul class=\"wp-block-list\">\n<li>Prevenci\u00f3 Secund\u00e0ria: els professionals que treballen en aquests \u00e0mbits s\u00f3n Obstetres, Matrones, Genetistes. Els agents s\u00f3n els serveis de salut comunit\u00e0ria, atenci\u00f3 prim\u00e0ria, serveis d&#8217;obstetr\u00edcia i pediatria. <\/li>\n<\/ul>\n\n<p>L&#8217;objectiu \u00e9s la detecci\u00f3 i el diagn\u00f2stic preco\u00e7 de trastorns, malalties o situacions de risc. Es realitza mitjan\u00e7ant programes de seguiment de nens amb alt risc a desenvolupar trastorns neuropsicosensorials, o programes de prevenci\u00f3 cap a nens que presenten una patologia diagnosticada, per tal que no pateixin complicacions. <\/p>\n\n<ul class=\"wp-block-list\">\n<li>Prevenci\u00f3 Terci\u00e0ria: els professionals de la salut que participen en aquest \u00e0mbit s\u00f3n Pediatres, Neuropediatres, Rehabilitadors, Fisioterapeutes, Psiquiatres, Psic\u00f2legs, Oftalm\u00f2legs, etc.<\/li>\n<\/ul>\n\n<p>L&#8217;objectiu \u00e9s dur a terme un pla d&#8217;actuacions dirigides a posar remei a problemes de desenvolupament ja diagnosticats.<\/p>\n\n<figure class=\"wp-block-image size-full\"><img decoding=\"async\" width=\"768\" height=\"403\" src=\"https:\/\/entrelazadogs.es\/wp-content\/uploads\/2025\/11\/atencion-temprana-768x403-1.jpg\" alt=\"\" class=\"wp-image-745\" srcset=\"https:\/\/entrelazadogs.es\/wp-content\/uploads\/2025\/11\/atencion-temprana-768x403-1.jpg 768w, https:\/\/entrelazadogs.es\/wp-content\/uploads\/2025\/11\/atencion-temprana-768x403-1-300x157.jpg 300w\" sizes=\"(max-width: 768px) 100vw, 768px\" \/><\/figure>\n\n<h2 class=\"wp-block-heading\"><span class=\"ez-toc-section\" id=\"Atencio_Primerenca_a_lAmbits_de_Serveis_Socials\"><\/span><strong>Atenci\u00f3 Primerenca a l&#8217;\u00c0mbits de Serveis Socials:<\/strong><span class=\"ez-toc-section-end\"><\/span><\/h2>\n\n<ul class=\"wp-block-list\">\n<li>Prevenci\u00f3 Prim\u00e0ria: s\u00f3n els serveis socials els que formen part d&#8217;aquests \u00e0mbits. L&#8217;objectiu \u00e9s prevenir situacions d&#8217;exclusi\u00f3 social i maltractaments a nens i nenes.  <\/li>\n\n\n\n<li>Prevenci\u00f3 Secund\u00e0ria: els Serveis Socials s&#8217;encarreguen de detectar factors de risc social per al desenvolupament infantil, com ara drogues, situacions marginals, baixos ingressos econ\u00f2mics, etc.<\/li>\n\n\n\n<li>Prevenci\u00f3 Terci\u00e0ria: els Serveis socials tenen com a objectiu fer intervencions per tal de facilitar la socialitzaci\u00f3 de nens i nenes.<\/li>\n<\/ul>\n\n<h2 class=\"wp-block-heading\"><span class=\"ez-toc-section\" id=\"Atencio_Primerenca_a_lAmbit_Educatiu\"><\/span>Atenci\u00f3 Primerenca a l&#8217;\u00c0mbit Educatiu:<span class=\"ez-toc-section-end\"><\/span><\/h2>\n\n<ul class=\"wp-block-list\">\n<li>Prevenir i compensar: les conseq\u00fc\u00e8ncies negatives producte de defici\u00e8ncies o dentorns socioculturals de risc.<\/li>\n\n\n\n<li>Educar: t\u00e9 a veure amb l&#8217;estimulaci\u00f3 conscient, intencional i planificada a cada etapa madurativa respectant el curs natural del desenvolupament.<\/li>\n\n\n\n<li>Integrar: garantir, mitjan\u00e7ant la interacci\u00f3 i la integraci\u00f3, el principi d&#8217;atenci\u00f3 a la diversitat.<\/li>\n<\/ul>\n\n<p><strong>Treballar l&#8217;atenci\u00f3 primerenca juntament amb les fam\u00edlies<\/strong><\/p>\n\n<p>El rol de les fam\u00edlies en el treball de l&#8217;atenci\u00f3 primerenca \u00e9s vital per millorar la qualitat de vida dels nens amb problemes de desenvolupament. Els pares s\u00f3n considerats participants actius dins del proc\u00e9s rehabilitador i educatiu dels fills. Per aix\u00f2, els professionals els han dincorporar a l\u00e0mbit dactuaci\u00f3.   <\/p>\n\n<p>Entre els professionals hi ha un acord de 3 models destinats al tracte amb les fam\u00edlies:<\/p>\n\n<ol class=\"wp-block-list\">\n<li>Model psicoterap\u00e8utic: Es tracta de fer psicoter\u00e0pia amb els pares per afrontar el fet que el seu nen hagi nascut amb problemes de desenvolupament.<\/li>\n\n\n\n<li>Model de formaci\u00f3 de pares: Els pares han d&#8217;aprendre determinades habilitats per treballar a casa sota l&#8217;orientaci\u00f3 d&#8217;un professional.<\/li>\n\n\n\n<li>Models de col\u00b7laboraci\u00f3 amb els pares: Apunta a una continua col\u00b7laboraci\u00f3 amb els professionals a futur. <\/li>\n<\/ol>\n\n<p>Val la pena esmentar que despr\u00e9s, a la pr\u00e0ctica actual, aquests models es barregen juntament amb diverses postures professionals generant una pluralitat de visions. <\/p>\n\n<h2 class=\"wp-block-heading\"><span class=\"ez-toc-section\" id=\"Per_que_treballar_amb_les_families\"><\/span><strong>Per qu\u00e8 treballar amb les fam\u00edlies?<\/strong><span class=\"ez-toc-section-end\"><\/span><\/h2>\n\n<p>S\u00f3n els membres de la fam\u00edlia els qui interactuen des del naixement amb el nen\/a. S\u00f3n ells els qui cuiden, alimenten, li parlen, porten de passeig etc. sent la fam\u00edlia el seu \u00e0mbit social i cultural.  <\/p>\n\n<p>\u00c9s per aix\u00f2 que els professionals s\u00f3n els que fan la feina amb ells de manera individual o en grups petits. Aix\u00f2 \u00e9s perqu\u00e8 entenen la import\u00e0ncia de brindar-los recursos a les fam\u00edlies i integrar-les a l&#8217;equip de treball.  <\/p>\n\n<p><strong>Components del model de treball d&#8217;atenci\u00f3 primerenca centrat a la fam\u00edlia:<\/strong><\/p>\n\n<p>Aquest model de treball gira el focus centrat en \u201cl&#8217;individu amb problemes\u201d a la unitat familiar. <\/p>\n\n<p>\u00c9s important comprendre en profunditat la unitat familiar amb qu\u00e8 es treballar\u00e0. Aix\u00f2 implica tenir en compte com els membres de la fam\u00edlia s&#8217;influeixen m\u00fatuament, es recolzen, tenen els valors i la cultura. Alhora, la fam\u00edlia no \u00e9s est\u00e0tica ja que pot canviar en la seva composici\u00f3.   <\/p>\n\n<p>Per treballar adequadament juntament amb les fam\u00edlies \u00e9s important con\u00e8ixer les seves fortaleses i com s&#8217;enfronta a l&#8217;adversitat. El professional ha de promoure una relaci\u00f3 de col\u00b7laboraci\u00f3 amb la fam\u00edlia, brindar-li nous recursos i ser sensible davant la situaci\u00f3 que travessa aquesta.  <\/p>\n\n<p>En aquest model dintervenci\u00f3 hi ha 4 components que el conformen:<\/p>\n\n<ul class=\"wp-block-list\">\n<li><strong>Identificar les necessitats de les fam\u00edlies<\/strong><\/li>\n\n\n\n<li><strong>Identificar els punts forts i els recursos de les fam\u00edlies<\/strong><\/li>\n\n\n\n<li><strong>Identificar fonts de suport<\/strong><\/li>\n\n\n\n<li><strong>Capacitar i habilitar les fam\u00edlies<\/strong><\/li>\n<\/ul>\n\n<p>Finalment, \u00e9s molt important la feina que fa el professional sobre l&#8217;enlla\u00e7 que estableix amb les fam\u00edlies. Aquest ha de basar-se en col\u00b7laboraci\u00f3, repartiment de responsabilitats i cooperaci\u00f3.  <\/p>\n\n<p>Per establir aquesta relaci\u00f3 de cooperaci\u00f3 \u00e9s important desenvolupar actituds, valors i habilitats que propici\u00efn aquest tipus d&#8217;interacci\u00f3. Les mateixes s\u00f3n: <\/p>\n\n<ul class=\"wp-block-list\">\n<li>Comprom\u00eds<\/li>\n\n\n\n<li>Respecte<\/li>\n\n\n\n<li>Comunicaci\u00f3 efectiva <\/li>\n\n\n\n<li>Igualtat<\/li>\n\n\n\n<li>Confian\u00e7a<\/li>\n\n\n\n<li>Compet\u00e8ncia professional<\/li>\n<\/ul>\n\n<p><\/p>\n","protected":false},"excerpt":{"rendered":"<p>Qu\u00e8 \u00e9s l&#8217;atenci\u00f3 primerenca? El Llibre Blanc de l&#8217;Atenci\u00f3 Primerenca (document realitzat per la Federaci\u00f3 Estatal d&#8217;Associacions de Professionals d&#8217;Atenci\u00f3 Primerenca), una de les obres b\u00e0siques de refer\u00e8ncia de l&#8217;Atenci\u00f3 Primerenca a Espanya, la defineix com: &#8220;El conjunt d&#8217;intervencions dirigides a la poblaci\u00f3 infantil de 0 a 6 anys, a la fam\u00edlia ia l&#8217;entorn que [&hellip;]<\/p>\n","protected":false},"author":2,"featured_media":2733,"comment_status":"closed","ping_status":"open","sticky":false,"template":"","format":"standard","meta":{"_acf_changed":false,"_joinchat":[],"footnotes":""},"categories":[1],"tags":[],"class_list":["post-2729","post","type-post","status-publish","format-standard","has-post-thumbnail","hentry","category-sin-categoria"],"acf":[],"_links":{"self":[{"href":"https:\/\/entrelazadogs.es\/ca\/wp-json\/wp\/v2\/posts\/2729","targetHints":{"allow":["GET"]}}],"collection":[{"href":"https:\/\/entrelazadogs.es\/ca\/wp-json\/wp\/v2\/posts"}],"about":[{"href":"https:\/\/entrelazadogs.es\/ca\/wp-json\/wp\/v2\/types\/post"}],"author":[{"embeddable":true,"href":"https:\/\/entrelazadogs.es\/ca\/wp-json\/wp\/v2\/users\/2"}],"replies":[{"embeddable":true,"href":"https:\/\/entrelazadogs.es\/ca\/wp-json\/wp\/v2\/comments?post=2729"}],"version-history":[{"count":1,"href":"https:\/\/entrelazadogs.es\/ca\/wp-json\/wp\/v2\/posts\/2729\/revisions"}],"predecessor-version":[{"id":2734,"href":"https:\/\/entrelazadogs.es\/ca\/wp-json\/wp\/v2\/posts\/2729\/revisions\/2734"}],"wp:featuredmedia":[{"embeddable":true,"href":"https:\/\/entrelazadogs.es\/ca\/wp-json\/wp\/v2\/media\/2733"}],"wp:attachment":[{"href":"https:\/\/entrelazadogs.es\/ca\/wp-json\/wp\/v2\/media?parent=2729"}],"wp:term":[{"taxonomy":"category","embeddable":true,"href":"https:\/\/entrelazadogs.es\/ca\/wp-json\/wp\/v2\/categories?post=2729"},{"taxonomy":"post_tag","embeddable":true,"href":"https:\/\/entrelazadogs.es\/ca\/wp-json\/wp\/v2\/tags?post=2729"}],"curies":[{"name":"wp","href":"https:\/\/api.w.org\/{rel}","templated":true}]}}